{"id":1093,"date":"2013-08-05T15:22:28","date_gmt":"2013-08-05T18:22:28","guid":{"rendered":"http:\/\/www.educacionrural.org\/?p=1093"},"modified":"2013-08-26T20:06:38","modified_gmt":"2013-08-26T23:06:38","slug":"dia-de-la-educacion-rural","status":"publish","type":"post","link":"https:\/\/www.educacionrural.org\/?p=1093","title":{"rendered":"D\u00eda de la Educaci\u00f3n Rural"},"content":{"rendered":"<h3><strong><i>Recibimos y compartimos la siguiente invitaci\u00f3n:<\/i><\/strong><span style=\"font-size: small;\"><br \/>\n<\/span><\/h3>\n<p><span style=\"font-size: medium;\"><strong>Compa\u00f1eros,<\/strong><\/span><\/p>\n<p><span style=\"font-size: medium;\"><strong>el pr\u00f3ximo martes 15 de mayo se celebra en Uruguay el D\u00eda de la Educaci\u00f3n Rural.<\/strong><\/span><\/p>\n<p><span style=\"font-size: medium;\"><strong>Invitamos a participar en el Acto de Conmemoraci\u00f3n que realizaremos en el Sal\u00f3n de Actos del Consejo de Educaci\u00f3n Inicial y Primaria (Juan Carlos G\u00f3mez 1314, 4to. piso), de 16.30 a 17.30.<\/strong><\/span><\/p>\n<p><span style=\"font-size: medium;\"><strong>Abriremos con una mesa redonda con representantes del CEIP, CES y CETP; seguiremos con el Acto protocolar y cerraremos con un brindis de confraternidad.<\/strong><\/span><\/p>\n<p><span style=\"font-size: medium;\"><strong>Los esperamos.<\/strong><\/span><\/p>\n","protected":false},"excerpt":{"rendered":"<p>Recibimos y compartimos la siguiente invitaci\u00f3n: Compa\u00f1eros, el pr\u00f3ximo martes 15 de mayo se celebra en Uruguay el D\u00eda de la Educaci\u00f3n Rural. Invitamos a participar en el Acto de Conmemoraci\u00f3n que realizaremos en el Sal\u00f3n de Actos del Consejo de Educaci\u00f3n Inicial y Primaria (Juan Carlos G\u00f3mez 1314, 4to. piso), de 16.30 a 17.30. &#8230; <a title=\"D\u00eda de la Educaci\u00f3n Rural\" class=\"read-more\" href=\"https:\/\/www.educacionrural.org\/?p=1093\" aria-label=\"Leer m\u00e1s sobre D\u00eda de la Educaci\u00f3n Rural\">Leer m\u00e1s<\/a><\/p>\n","protected":false},"author":2,"featured_media":0,"comment_status":"closed","ping_status":"closed","sticky":false,"template":"","format":"standard","meta":{"footnotes":""},"categories":[1],"tags":[],"class_list":["post-1093","post","type-post","status-publish","format-standard","hentry","category-novedades"],"_links":{"self":[{"href":"https:\/\/www.educacionrural.org\/index.php?rest_route=\/wp\/v2\/posts\/1093","targetHints":{"allow":["GET"]}}],"collection":[{"href":"https:\/\/www.educacionrural.org\/index.php?rest_route=\/wp\/v2\/posts"}],"about":[{"href":"https:\/\/www.educacionrural.org\/index.php?rest_route=\/wp\/v2\/types\/post"}],"author":[{"embeddable":true,"href":"https:\/\/www.educacionrural.org\/index.php?rest_route=\/wp\/v2\/users\/2"}],"replies":[{"embeddable":true,"href":"https:\/\/www.educacionrural.org\/index.php?rest_route=%2Fwp%2Fv2%2Fcomments&post=1093"}],"version-history":[{"count":7,"href":"https:\/\/www.educacionrural.org\/index.php?rest_route=\/wp\/v2\/posts\/1093\/revisions"}],"predecessor-version":[{"id":1729,"href":"https:\/\/www.educacionrural.org\/index.php?rest_route=\/wp\/v2\/posts\/1093\/revisions\/1729"}],"wp:attachment":[{"href":"https:\/\/www.educacionrural.org\/index.php?rest_route=%2Fwp%2Fv2%2Fmedia&parent=1093"}],"wp:term":[{"taxonomy":"category","embeddable":true,"href":"https:\/\/www.educacionrural.org\/index.php?rest_route=%2Fwp%2Fv2%2Fcategories&post=1093"},{"taxonomy":"post_tag","embeddable":true,"href":"https:\/\/www.educacionrural.org\/index.php?rest_route=%2Fwp%2Fv2%2Ftags&post=1093"}],"curies":[{"name":"wp","href":"https:\/\/api.w.org\/{rel}","templated":true}]}}