{"id":1096,"date":"2013-08-05T15:26:02","date_gmt":"2013-08-05T18:26:02","guid":{"rendered":"http:\/\/www.educacionrural.org\/?p=1096"},"modified":"2013-08-26T20:06:38","modified_gmt":"2013-08-26T23:06:38","slug":"dia-internacional-de-los-museos","status":"publish","type":"post","link":"https:\/\/www.educacionrural.org\/?p=1096","title":{"rendered":"D\u00eda Internacional de los Museos"},"content":{"rendered":"<p><span style=\"font-size: small;\">Altos del Perdido, 18 de mayo del 2012<\/span><\/p>\n<p><span style=\"font-size: small;\">El D\u00eda Internacional de los Museos tiene su origen en una campa\u00f1a informativa organizada en 1951 por UNESCO y el ICOM (International Council of Museums) con el prop\u00f3sito de crear conciencia del importante papel que cumplen los museos en la sociedad.\u00a0<\/span><\/p>\n<p><span style=\"font-size: small;\">Desde 1977 se celebra todos los 18 de mayo y en cada fecha se plantea qu\u00e9 papel tienen los museos en una sociedad en la que constantemente nacen nuevas formas de comunicaci\u00f3n, as\u00ed como descubrir o redescubrir un pasado inmediato del cual todos somos objetos de temporalizaci\u00f3n.\u00a0\u00a0 Por eso el t\u00e9rmino \u201c<strong>descubrimiento<\/strong>\u201d tiene otra connotaci\u00f3n como m\u00e9todo de ense\u00f1anza activo, como un proceso de aprendizaje en el que se participa \u00edntegramente, de modo que los conocimientos que se consiguen son el resultado de una elaboraci\u00f3n propia de cada persona.<\/span><\/p>\n<p><span style=\"font-size: small;\">Este a\u00f1o el objetivo es \u201cMuseos en un mundo cambiante. Nuevos retos, nuevas inspiraciones\u201d.<strong>\u00a0<\/strong><\/span><\/p>\n<p><span style=\"font-size: small;\"><strong>Investigar- descubrir- aprender<\/strong> es el proceso continuo de pensamiento que buscamos para el que no hay l\u00edmites de edad, ni g\u00e9nero, ni clase social. \u00a0<\/span><\/p>\n<p><span style=\"font-size: small;\">En el D\u00eda Internacional de los Museos saludamos y agradecemos a todas aquellas personas que permitieron que esta \u201cidea\u201d se hiciera \u201crealidad\u201d.\u00a0 Tambi\u00e9n invitamos a visitar la \u201cgaler\u00eda virtual\u201d de Museos del Uruguay en el Portal\u00a0 (<a href=\"http:\/\/www.museos.gub.uy\/\">www.museos.gub.uy<\/a>) donde adem\u00e1s de encontrar informaci\u00f3n de todos los museos de nuestro pa\u00eds encontrar\u00e1n el objeto seleccionado por nuestros alumnos que representa el Museo Escolar Rural.<\/span><\/p>\n<p align=\"right\"><span style=\"font-size: large;\">\u00a0\u00a0Mari\u00e1ngeles Bugani<\/span><\/p>\n<p style=\"text-align: right;\"><span style=\"font-size: large;\"> Docente Responsable<\/span><\/p>\n","protected":false},"excerpt":{"rendered":"<p>Altos del Perdido, 18 de mayo del 2012 El D\u00eda Internacional de los Museos tiene su origen en una campa\u00f1a informativa organizada en 1951 por UNESCO y el ICOM (International Council of Museums) con el prop\u00f3sito de crear conciencia del importante papel que cumplen los museos en la sociedad.\u00a0 Desde 1977 se celebra todos los &#8230; <a title=\"D\u00eda Internacional de los Museos\" class=\"read-more\" href=\"https:\/\/www.educacionrural.org\/?p=1096\" aria-label=\"Leer m\u00e1s sobre D\u00eda Internacional de los Museos\">Leer m\u00e1s<\/a><\/p>\n","protected":false},"author":2,"featured_media":0,"comment_status":"closed","ping_status":"closed","sticky":false,"template":"","format":"standard","meta":{"footnotes":""},"categories":[1],"tags":[],"class_list":["post-1096","post","type-post","status-publish","format-standard","hentry","category-novedades"],"_links":{"self":[{"href":"https:\/\/www.educacionrural.org\/index.php?rest_route=\/wp\/v2\/posts\/1096","targetHints":{"allow":["GET"]}}],"collection":[{"href":"https:\/\/www.educacionrural.org\/index.php?rest_route=\/wp\/v2\/posts"}],"about":[{"href":"https:\/\/www.educacionrural.org\/index.php?rest_route=\/wp\/v2\/types\/post"}],"author":[{"embeddable":true,"href":"https:\/\/www.educacionrural.org\/index.php?rest_route=\/wp\/v2\/users\/2"}],"replies":[{"embeddable":true,"href":"https:\/\/www.educacionrural.org\/index.php?rest_route=%2Fwp%2Fv2%2Fcomments&post=1096"}],"version-history":[{"count":6,"href":"https:\/\/www.educacionrural.org\/index.php?rest_route=\/wp\/v2\/posts\/1096\/revisions"}],"predecessor-version":[{"id":1728,"href":"https:\/\/www.educacionrural.org\/index.php?rest_route=\/wp\/v2\/posts\/1096\/revisions\/1728"}],"wp:attachment":[{"href":"https:\/\/www.educacionrural.org\/index.php?rest_route=%2Fwp%2Fv2%2Fmedia&parent=1096"}],"wp:term":[{"taxonomy":"category","embeddable":true,"href":"https:\/\/www.educacionrural.org\/index.php?rest_route=%2Fwp%2Fv2%2Fcategories&post=1096"},{"taxonomy":"post_tag","embeddable":true,"href":"https:\/\/www.educacionrural.org\/index.php?rest_route=%2Fwp%2Fv2%2Ftags&post=1096"}],"curies":[{"name":"wp","href":"https:\/\/api.w.org\/{rel}","templated":true}]}}