{"id":1116,"date":"2012-09-22T16:05:21","date_gmt":"2012-09-22T19:05:21","guid":{"rendered":"http:\/\/www.educacionrural.org\/?p=1116"},"modified":"2013-08-26T20:06:38","modified_gmt":"2013-08-26T23:06:38","slug":"invitacion-a-la-mision-socio-pedagogica-en-aguas-buenas-departamento-de-durazno","status":"publish","type":"post","link":"https:\/\/www.educacionrural.org\/?p=1116","title":{"rendered":"Invitaci\u00f3n a la Misi\u00f3n Socio-Pedag\u00f3gica en Aguas Buenas, Departamento de Durazno"},"content":{"rendered":"<p><strong>Recibios de la Maestra C.A.P.D.E.R. del Departamento de Durazno Sra. Leticia Zavala, la presente invitaci\u00f3n.<\/strong><\/p>\n<p><strong>Ampliaremos.<\/strong><\/p>\n<p><a href=\"http:\/\/www.educacionrural.org\/wp-content\/uploads\/invitacion-misiones-pedagogicas.jpg\"><img loading=\"lazy\" decoding=\"async\" class=\"alignleft size-large wp-image-1117\" alt=\"invitacion misiones pedagogicas\" src=\"http:\/\/www.educacionrural.org\/wp-content\/uploads\/invitacion-misiones-pedagogicas-1024x673.jpg\" width=\"695\" height=\"456\" srcset=\"https:\/\/www.educacionrural.org\/wp-content\/uploads\/invitacion-misiones-pedagogicas-1024x673.jpg 1024w, https:\/\/www.educacionrural.org\/wp-content\/uploads\/invitacion-misiones-pedagogicas-300x197.jpg 300w, https:\/\/www.educacionrural.org\/wp-content\/uploads\/invitacion-misiones-pedagogicas.jpg 1528w\" sizes=\"auto, (max-width: 695px) 100vw, 695px\" \/><\/a><\/p>\n<p>&nbsp;<\/p>\n<p>&nbsp;<\/p>\n<p>&nbsp;<\/p>\n<p>&nbsp;<\/p>\n","protected":false},"excerpt":{"rendered":"<p>Recibios de la Maestra C.A.P.D.E.R. del Departamento de Durazno Sra. Leticia Zavala, la presente invitaci\u00f3n. Ampliaremos. &nbsp; &nbsp; &nbsp; &nbsp;<\/p>\n","protected":false},"author":2,"featured_media":0,"comment_status":"closed","ping_status":"closed","sticky":false,"template":"","format":"standard","meta":{"footnotes":""},"categories":[1],"tags":[],"class_list":["post-1116","post","type-post","status-publish","format-standard","hentry","category-novedades"],"_links":{"self":[{"href":"https:\/\/www.educacionrural.org\/index.php?rest_route=\/wp\/v2\/posts\/1116","targetHints":{"allow":["GET"]}}],"collection":[{"href":"https:\/\/www.educacionrural.org\/index.php?rest_route=\/wp\/v2\/posts"}],"about":[{"href":"https:\/\/www.educacionrural.org\/index.php?rest_route=\/wp\/v2\/types\/post"}],"author":[{"embeddable":true,"href":"https:\/\/www.educacionrural.org\/index.php?rest_route=\/wp\/v2\/users\/2"}],"replies":[{"embeddable":true,"href":"https:\/\/www.educacionrural.org\/index.php?rest_route=%2Fwp%2Fv2%2Fcomments&post=1116"}],"version-history":[{"count":3,"href":"https:\/\/www.educacionrural.org\/index.php?rest_route=\/wp\/v2\/posts\/1116\/revisions"}],"predecessor-version":[{"id":1120,"href":"https:\/\/www.educacionrural.org\/index.php?rest_route=\/wp\/v2\/posts\/1116\/revisions\/1120"}],"wp:attachment":[{"href":"https:\/\/www.educacionrural.org\/index.php?rest_route=%2Fwp%2Fv2%2Fmedia&parent=1116"}],"wp:term":[{"taxonomy":"category","embeddable":true,"href":"https:\/\/www.educacionrural.org\/index.php?rest_route=%2Fwp%2Fv2%2Fcategories&post=1116"},{"taxonomy":"post_tag","embeddable":true,"href":"https:\/\/www.educacionrural.org\/index.php?rest_route=%2Fwp%2Fv2%2Ftags&post=1116"}],"curies":[{"name":"wp","href":"https:\/\/api.w.org\/{rel}","templated":true}]}}