{"id":1135,"date":"2013-08-05T16:27:58","date_gmt":"2013-08-05T19:27:58","guid":{"rendered":"http:\/\/www.educacionrural.org\/?p=1135"},"modified":"2013-08-26T20:06:38","modified_gmt":"2013-08-26T23:06:38","slug":"encuentro-de-monzon","status":"publish","type":"post","link":"https:\/\/www.educacionrural.org\/?p=1135","title":{"rendered":"Encuentro de Monz\u00f3n"},"content":{"rendered":"<address><span style=\"font-size: medium;\"><strong><em>Recibimos de la Maestra Mari\u00e1ngeles Bugani el siguiente material que creemos debe ser conocido y difundido.<\/em><\/strong><\/span><\/address>\n<address><span style=\"font-size: medium;\">Se celebr\u00f3 Encuentro escolar y multigeneracional por Abrazo del Monz\u00f3n<\/span><\/address>\n<address>\u00a0<\/address>\n<p><a href=\"http:\/\/www.educacionrural.org\/wp-content\/uploads\/encuentro-monzon.jpg\"><img loading=\"lazy\" decoding=\"async\" class=\"size-full wp-image-1136 aligncenter\" alt=\"encuentro monzon\" src=\"http:\/\/www.educacionrural.org\/wp-content\/uploads\/encuentro-monzon.jpg\" width=\"600\" height=\"450\" srcset=\"https:\/\/www.educacionrural.org\/wp-content\/uploads\/encuentro-monzon.jpg 600w, https:\/\/www.educacionrural.org\/wp-content\/uploads\/encuentro-monzon-300x225.jpg 300w\" sizes=\"auto, (max-width: 600px) 100vw, 600px\" \/><\/a><\/p>\n<p><strong>Merienda de tortas fritas en la Escuela N\u00ba 85 y Museo Escolar Rural de Altos del Perdido<\/strong><strong> Fotos del Proyecto SNM<\/strong><\/p>\n<p>El pasado lunes 29 de abril tuvo lugar el 4\u00ba Encuentro Escolar y 7\u00ba Multigeneracional, para recordar el &#8216;Abrazo del Monz\u00f3n&#8217;, episodio hist\u00f3rico protagonizado por Juan A. Lavalleja y Fructuoso Rivera en la regi\u00f3n del Perdido, cerca de Cardona (Soriano).<a href=\"http:\/\/www.educacionrural.org\/wp-content\/uploads\/placamonzon.jpg\"><img loading=\"lazy\" decoding=\"async\" class=\"alignleft size-medium wp-image-1137\" alt=\"placamonzon\" src=\"http:\/\/www.educacionrural.org\/wp-content\/uploads\/placamonzon-225x300.jpg\" width=\"158\" height=\"211\" srcset=\"https:\/\/www.educacionrural.org\/wp-content\/uploads\/placamonzon-225x300.jpg 225w, https:\/\/www.educacionrural.org\/wp-content\/uploads\/placamonzon.jpg 300w\" sizes=\"auto, (max-width: 158px) 100vw, 158px\" \/><\/a><\/p>\n<p>La actividad se desarroll\u00f3 en varios escenarios. En la ma\u00f1ana, con un acto conmemorativo en el sitio Abrazo del Monz\u00f3n (Monumento Hist\u00f3rico Nacional), y en la tarde con una visita a la Escuela N\u00ba 85 y Museo Escolar Rural de Altos del Perdido.<a href=\"http:\/\/www.educacionrural.org\/wp-content\/uploads\/bicicletasmonzon.jpg\"><img loading=\"lazy\" decoding=\"async\" class=\"alignleft size-medium wp-image-1138\" style=\"float: right;\" alt=\"bicicletasmonzon\" src=\"http:\/\/www.educacionrural.org\/wp-content\/uploads\/bicicletasmonzon-300x225.jpg\" width=\"251\" height=\"189\" srcset=\"https:\/\/www.educacionrural.org\/wp-content\/uploads\/bicicletasmonzon-300x225.jpg 300w, https:\/\/www.educacionrural.org\/wp-content\/uploads\/bicicletasmonzon.jpg 400w\" sizes=\"auto, (max-width: 251px) 100vw, 251px\" \/><\/a><\/p>\n<p>En esta ocasi\u00f3n participaron: ni\u00f1os de las escuelas rurales de la regi\u00f3n del Perdido (Monz\u00f3n y Altos del Perdido), escuelas p\u00fablicas y privada de Cardona, liceales, estudiantes de UTU y Grupo de la Tercera Edad de la Plaza de Deportes de Cardona, Grupo de Equinoterapia &#8216;Sonrisas Montadas&#8217; (Cardona-Florencio S\u00e1nchez), Agrupaci\u00f3n Tradicionalista y familias de la zona.<\/p>\n<p><a href=\"http:\/\/www.educacionrural.org\/wp-content\/uploads\/altosmonzon2.jpg\"><img loading=\"lazy\" decoding=\"async\" class=\"alignleft size-medium wp-image-1139\" alt=\"altosmonzon2\" src=\"http:\/\/www.educacionrural.org\/wp-content\/uploads\/altosmonzon2-300x225.jpg\" width=\"228\" height=\"172\" srcset=\"https:\/\/www.educacionrural.org\/wp-content\/uploads\/altosmonzon2-300x225.jpg 300w, https:\/\/www.educacionrural.org\/wp-content\/uploads\/altosmonzon2.jpg 400w\" sizes=\"auto, (max-width: 228px) 100vw, 228px\" \/><\/a>La Jornada culmin\u00f3 con una visita guiada al museo escolar rural\u00a0 y un recorrido por el arroyo, a cargo de los ni\u00f1os. Sobre el final de la tarde, se comparti\u00f3 una merienda con tortas fritas.<\/p>\n","protected":false},"excerpt":{"rendered":"<p>Recibimos de la Maestra Mari\u00e1ngeles Bugani el siguiente material que creemos debe ser conocido y difundido. Se celebr\u00f3 Encuentro escolar y multigeneracional por Abrazo del Monz\u00f3n \u00a0 Merienda de tortas fritas en la Escuela N\u00ba 85 y Museo Escolar Rural de Altos del Perdido Fotos del Proyecto SNM El pasado lunes 29 de abril tuvo &#8230; <a title=\"Encuentro de Monz\u00f3n\" class=\"read-more\" href=\"https:\/\/www.educacionrural.org\/?p=1135\" aria-label=\"Leer m\u00e1s sobre Encuentro de Monz\u00f3n\">Leer m\u00e1s<\/a><\/p>\n","protected":false},"author":2,"featured_media":0,"comment_status":"closed","ping_status":"closed","sticky":false,"template":"","format":"standard","meta":{"footnotes":""},"categories":[1],"tags":[],"class_list":["post-1135","post","type-post","status-publish","format-standard","hentry","category-novedades"],"_links":{"self":[{"href":"https:\/\/www.educacionrural.org\/index.php?rest_route=\/wp\/v2\/posts\/1135","targetHints":{"allow":["GET"]}}],"collection":[{"href":"https:\/\/www.educacionrural.org\/index.php?rest_route=\/wp\/v2\/posts"}],"about":[{"href":"https:\/\/www.educacionrural.org\/index.php?rest_route=\/wp\/v2\/types\/post"}],"author":[{"embeddable":true,"href":"https:\/\/www.educacionrural.org\/index.php?rest_route=\/wp\/v2\/users\/2"}],"replies":[{"embeddable":true,"href":"https:\/\/www.educacionrural.org\/index.php?rest_route=%2Fwp%2Fv2%2Fcomments&post=1135"}],"version-history":[{"count":7,"href":"https:\/\/www.educacionrural.org\/index.php?rest_route=\/wp\/v2\/posts\/1135\/revisions"}],"predecessor-version":[{"id":1227,"href":"https:\/\/www.educacionrural.org\/index.php?rest_route=\/wp\/v2\/posts\/1135\/revisions\/1227"}],"wp:attachment":[{"href":"https:\/\/www.educacionrural.org\/index.php?rest_route=%2Fwp%2Fv2%2Fmedia&parent=1135"}],"wp:term":[{"taxonomy":"category","embeddable":true,"href":"https:\/\/www.educacionrural.org\/index.php?rest_route=%2Fwp%2Fv2%2Fcategories&post=1135"},{"taxonomy":"post_tag","embeddable":true,"href":"https:\/\/www.educacionrural.org\/index.php?rest_route=%2Fwp%2Fv2%2Ftags&post=1135"}],"curies":[{"name":"wp","href":"https:\/\/api.w.org\/{rel}","templated":true}]}}