{"id":2332,"date":"2013-10-24T12:45:28","date_gmt":"2013-10-24T14:45:28","guid":{"rendered":"http:\/\/www.educacionrural.org\/?p=2332"},"modified":"2013-10-30T17:45:54","modified_gmt":"2013-10-30T19:45:54","slug":"134-anos-de-la-muerte-de-jose-pedro-varela","status":"publish","type":"post","link":"https:\/\/www.educacionrural.org\/?p=2332","title":{"rendered":"134 a\u00f1os de la muerte de Jos\u00e9 Pedro Varela"},"content":{"rendered":"<p>&nbsp;<\/p>\n<p>&nbsp;<\/p>\n<p><a href=\"http:\/\/www.educacionrural.org\/wp-content\/uploads\/Jose_Pedro_Varela1.jpg\"><img loading=\"lazy\" decoding=\"async\" class=\"size-full wp-image-2333 aligncenter\" alt=\"Jose_Pedro_Varela[1]\" src=\"http:\/\/www.educacionrural.org\/wp-content\/uploads\/Jose_Pedro_Varela1.jpg\" width=\"191\" height=\"290\" \/><\/a><\/p>\n<p>&nbsp;<\/p>\n<p>El d\u00eda 24 de octubre se cumplen\u00a0 134\u00a0 a\u00f1os de la muerte de Jos\u00e9 Pedro Varela.<\/p>\n<p>Somos de los que creemos que a los grandes hombres no se les debe recordar solamente en la fecha de su nacimiento o de su muerte. Debemos tenerlos presentes d\u00eda a d\u00eda \u00a0y las fechas se\u00f1aladas s\u00f3lo han de ser una excusa para una m\u00e1s honda reflexi\u00f3n sobre\u00a0 sus ideas y sus obras y una ratificaci\u00f3n de nuestro compromiso con su legado.<\/p>\n<p>Poco podemos agregar a lo mucho que se ha escrito sobre la vida y la obra de Varela.<\/p>\n<p>Vivi\u00f3 solamente 34 a\u00f1os en un per\u00edodo muy dif\u00edcil de nuestra historia: \u00e9poca de desorden institucional, de luchas fratricidas, de fanatismos\u00a0 y dictaduras.<\/p>\n<p>Un pa\u00eds donde campeaba el analfabetismo, con escas\u00edsimas escuelas \u00a0sobre todo en el medio rural.<\/p>\n<p>En 1855 hab\u00eda escrito el Doctor Palomeque en su informe sobre el estado de la educaci\u00f3n en el campo: <i>\u201cCuando se habla de educaci\u00f3n en la campa\u00f1a o se dice mentira o se inicia una farsa\u201d.<\/i><\/p>\n<p>A esta realidad fue a la que se enfrent\u00f3 el Reformador.<\/p>\n<p>De su formidable obra destacamos las cuatro ideas- fuerza que vertebran la Reforma que llev\u00f3 adelante.<\/p>\n<p><b>Universalidad<\/b>. Recordemos sus palabras: <i>\u201cEducaci\u00f3n es lo que nos falta, pero una educaci\u00f3n para todos, sin distinci\u00f3n de clases, para iluminar la conciencia oscurecida del pueblo, una educaci\u00f3n que nos permite formar al ni\u00f1o para ser hombre y al\u00a0 hombre para ser ciudadano. Para instituir la Rep\u00fablica lo primero es formar los republicanos, para crear el gobierno del pueblo, lo primero es despertar y llamar a la vida activa al pueblo mismo para hacer que la opini\u00f3n p\u00fablica sea soberana, lo primero es formar la opini\u00f3n p\u00fablica y todas las grandes necesidades de la Democracia, todas las exigencias de la Rep\u00fablica, s\u00f3lo tienen un medio posible de realizaci\u00f3n: educar, educar, siempre educar<\/i>\u201d.<\/p>\n<p><b>Gratuidad y Obligatoriedad<\/b>. Sosten\u00eda que para que la Educaci\u00f3n llegue a todos y fortalezca la Democracia debe ser gratuita y obligatoria.<\/p>\n<p>Escrib\u00eda Varela: \u201c<i>\u201cLos que una vez se han encontrado juntos en los bancos de una escuela, en la que eran iguales, a la que concurr\u00edan usando de un mismo derecho, se acostumbran f\u00e1cilmente a considerarse iguales, a no reconocer m\u00e1s diferencias que las que resultan de las aptitudes y las virtudes\u00a0 de cada uno: y as\u00ed, la escuela gratuita es el m\u00e1s poderoso instrumento para la pr\u00e1ctica de la igualdad democr\u00e1tica\u201d.<br \/>\n<\/i><\/p>\n<p><b>Laicidad<\/b><\/p>\n<p>Dado que el fin \u00faltimo de la Educaci\u00f3n en la Democracia es respetar la personalidad del educando, Varela defendi\u00f3 la idea de que la ense\u00f1anza deb\u00eda ser cient\u00edfica, reflexiva y razonada, dejando la formaci\u00f3n religiosa a cargo de la familia y de las iglesias. De ah\u00ed surg\u00eda otro de los principios de la educaci\u00f3n vareliana: la Laicidad.<\/p>\n<p>La escuela laica tiene por\u00a0 cimiento el respeto, respeto a todas las creencias y posiciones de cualquier orientaci\u00f3n que sean.<\/p>\n<p>Sobre estos cuatro pilares Varela impuls\u00f3 una escuela que ech\u00f3 las bases de lo que ser\u00eda la educaci\u00f3n p\u00fablica en nuestra patria, educaci\u00f3n que debemos apoyar y hacer crecer.<\/p>\n<p>Tomamos las palabras del Dr. Eduardo Acevedo para sintetizar\u00a0 la misi\u00f3n que el Reformador reservaba a la escuela. Esta instituci\u00f3n estaba pensada para que <i>\u201c sirviera para poner en actividad los poderes mentales y f\u00edsicos de los ni\u00f1os a fin de que \u00e9stos se acostumbren desde los primeros momentos a observar,\u00a0 a razonar, a darse cuenta de todo lo que les rodea, a exponer con precisi\u00f3n las ideas en forma oral y en forma escrita, a tener ideales y a\u00a0 tratar de realizar esos ideales, a ser maestros de s\u00ed mismos, a seguir sus inclinaciones y decisiones, a proceder con espontaneidad, a ser due\u00f1os de su voluntad<b>, a ser libres<\/b>\u201d<\/i><\/p>\n","protected":false},"excerpt":{"rendered":"<p>&nbsp; &nbsp; &nbsp; El d\u00eda 24 de octubre se cumplen\u00a0 134\u00a0 a\u00f1os de la muerte de Jos\u00e9 Pedro Varela. Somos de los que creemos que a los grandes hombres no se les debe recordar solamente en la fecha de su nacimiento o de su muerte. Debemos tenerlos presentes d\u00eda a d\u00eda \u00a0y las fechas se\u00f1aladas &#8230; <a title=\"134 a\u00f1os de la muerte de Jos\u00e9 Pedro Varela\" class=\"read-more\" href=\"https:\/\/www.educacionrural.org\/?p=2332\" aria-label=\"Leer m\u00e1s sobre 134 a\u00f1os de la muerte de Jos\u00e9 Pedro Varela\">Leer m\u00e1s<\/a><\/p>\n","protected":false},"author":2,"featured_media":0,"comment_status":"closed","ping_status":"closed","sticky":false,"template":"","format":"standard","meta":{"footnotes":""},"categories":[1],"tags":[],"class_list":["post-2332","post","type-post","status-publish","format-standard","hentry","category-novedades"],"_links":{"self":[{"href":"https:\/\/www.educacionrural.org\/index.php?rest_route=\/wp\/v2\/posts\/2332","targetHints":{"allow":["GET"]}}],"collection":[{"href":"https:\/\/www.educacionrural.org\/index.php?rest_route=\/wp\/v2\/posts"}],"about":[{"href":"https:\/\/www.educacionrural.org\/index.php?rest_route=\/wp\/v2\/types\/post"}],"author":[{"embeddable":true,"href":"https:\/\/www.educacionrural.org\/index.php?rest_route=\/wp\/v2\/users\/2"}],"replies":[{"embeddable":true,"href":"https:\/\/www.educacionrural.org\/index.php?rest_route=%2Fwp%2Fv2%2Fcomments&post=2332"}],"version-history":[{"count":5,"href":"https:\/\/www.educacionrural.org\/index.php?rest_route=\/wp\/v2\/posts\/2332\/revisions"}],"predecessor-version":[{"id":2368,"href":"https:\/\/www.educacionrural.org\/index.php?rest_route=\/wp\/v2\/posts\/2332\/revisions\/2368"}],"wp:attachment":[{"href":"https:\/\/www.educacionrural.org\/index.php?rest_route=%2Fwp%2Fv2%2Fmedia&parent=2332"}],"wp:term":[{"taxonomy":"category","embeddable":true,"href":"https:\/\/www.educacionrural.org\/index.php?rest_route=%2Fwp%2Fv2%2Fcategories&post=2332"},{"taxonomy":"post_tag","embeddable":true,"href":"https:\/\/www.educacionrural.org\/index.php?rest_route=%2Fwp%2Fv2%2Ftags&post=2332"}],"curies":[{"name":"wp","href":"https:\/\/api.w.org\/{rel}","templated":true}]}}