{"id":266,"date":"2011-10-01T12:38:50","date_gmt":"2011-10-01T15:38:50","guid":{"rendered":"http:\/\/www.educacionrural.org\/?p=266"},"modified":"2013-08-26T20:06:38","modified_gmt":"2013-08-26T23:06:38","slug":"proxima-exposicion-sobre-educacion-rural-en-diciembre","status":"publish","type":"post","link":"https:\/\/www.educacionrural.org\/?p=266","title":{"rendered":"Pr\u00f3xima exposici\u00f3n sobre Educaci\u00f3n Rural"},"content":{"rendered":"<p>En los primeros meses del a\u00f1o pr\u00f3ximo se abrir\u00e1 una exposici\u00f3n sobre Educaci\u00f3n Rural en el <a href=\"http:\/\/www.crnti.edu.uy\/museo\/\"><strong>Museo Pedag\u00f3gico Jos\u00e9 Pedro Varela<\/strong><\/a>, en Plaza Cagancha 1175, tel\u00e9fonos 2902-0915 y 2900-4744.<\/p>\n<p>Brindaremos m\u00e1s datos apenas los tengamos disponibles.<\/p>\n","protected":false},"excerpt":{"rendered":"<p>En los primeros meses del a\u00f1o pr\u00f3ximo se abrir\u00e1 una exposici\u00f3n sobre Educaci\u00f3n Rural en el Museo Pedag\u00f3gico Jos\u00e9 Pedro Varela, en Plaza Cagancha 1175, tel\u00e9fonos 2902-0915 y 2900-4744. Brindaremos m\u00e1s datos apenas los tengamos disponibles.<\/p>\n","protected":false},"author":2,"featured_media":0,"comment_status":"closed","ping_status":"closed","sticky":false,"template":"","format":"standard","meta":{"footnotes":""},"categories":[1],"tags":[],"class_list":["post-266","post","type-post","status-publish","format-standard","hentry","category-novedades"],"_links":{"self":[{"href":"https:\/\/www.educacionrural.org\/index.php?rest_route=\/wp\/v2\/posts\/266","targetHints":{"allow":["GET"]}}],"collection":[{"href":"https:\/\/www.educacionrural.org\/index.php?rest_route=\/wp\/v2\/posts"}],"about":[{"href":"https:\/\/www.educacionrural.org\/index.php?rest_route=\/wp\/v2\/types\/post"}],"author":[{"embeddable":true,"href":"https:\/\/www.educacionrural.org\/index.php?rest_route=\/wp\/v2\/users\/2"}],"replies":[{"embeddable":true,"href":"https:\/\/www.educacionrural.org\/index.php?rest_route=%2Fwp%2Fv2%2Fcomments&post=266"}],"version-history":[{"count":8,"href":"https:\/\/www.educacionrural.org\/index.php?rest_route=\/wp\/v2\/posts\/266\/revisions"}],"predecessor-version":[{"id":1083,"href":"https:\/\/www.educacionrural.org\/index.php?rest_route=\/wp\/v2\/posts\/266\/revisions\/1083"}],"wp:attachment":[{"href":"https:\/\/www.educacionrural.org\/index.php?rest_route=%2Fwp%2Fv2%2Fmedia&parent=266"}],"wp:term":[{"taxonomy":"category","embeddable":true,"href":"https:\/\/www.educacionrural.org\/index.php?rest_route=%2Fwp%2Fv2%2Fcategories&post=266"},{"taxonomy":"post_tag","embeddable":true,"href":"https:\/\/www.educacionrural.org\/index.php?rest_route=%2Fwp%2Fv2%2Ftags&post=266"}],"curies":[{"name":"wp","href":"https:\/\/api.w.org\/{rel}","templated":true}]}}