{"id":3461,"date":"2015-07-16T20:05:00","date_gmt":"2015-07-16T22:05:00","guid":{"rendered":"http:\/\/www.educacionrural.org\/?p=3461"},"modified":"2015-07-16T20:05:00","modified_gmt":"2015-07-16T22:05:00","slug":"cronicas-de-una-maestra-comprometida-inicio","status":"publish","type":"post","link":"https:\/\/www.educacionrural.org\/?p=3461","title":{"rendered":"Cr\u00f3nicas de una Maestra comprometida. Inicio&#8230;"},"content":{"rendered":"<p style=\"text-align: center;\"><strong><u>ESCUELA N\u00ba 90 DE CAP\u00d3N ALTO.<\/u><\/strong><\/p>\n<p style=\"text-align: center;\"><strong><u>DEPARTAMENTO DE RIVERA.<\/u><\/strong><\/p>\n<p>La escuela N\u00ba 90 de Cap\u00f3n Alto est\u00e1 ubicada en la frontera de Uruguay y Brasil, la separa de este pa\u00eds una calle de tierra, de arcilla.<\/p>\n<p>Est\u00e1 en una zona rural, una zona de forestaci\u00f3n: de pinos y eucaliptos. Ubicada a alrededor de 45 km de la capital del departamento, ciudad de Rivera.<\/p>\n<p>La v\u00eda de acceso a ella es la ruta N\u00ba 27, 38 kil\u00f3metros y 7 kil\u00f3metros por un camino vecinal.<\/p>\n<p>Las personas de all\u00ed son muy buenas, humildes, alegres. Tienen la influencia del Brasil, se comunican algunos en portu\u00f1ol y la mayor\u00eda en portugu\u00e9s. Tambi\u00e9n demuestran esa influencia en la forma de vestir y en el saludo, ya que dan dos y hasta tres besos&#8230;&#8230;&#8230;..<\/p>\n<p>Mariza Castro.<\/p>\n<p><img loading=\"lazy\" decoding=\"async\" class=\"  wp-image-3462 aligncenter\" src=\"http:\/\/www.educacionrural.org\/wp-content\/uploads\/escuela-capon-alto.jpg\" alt=\"escuela-capon-alto\" width=\"578\" height=\"434\" srcset=\"https:\/\/www.educacionrural.org\/wp-content\/uploads\/escuela-capon-alto.jpg 675w, https:\/\/www.educacionrural.org\/wp-content\/uploads\/escuela-capon-alto-300x225.jpg 300w\" sizes=\"auto, (max-width: 578px) 100vw, 578px\" \/><\/p>\n","protected":false},"excerpt":{"rendered":"<p>ESCUELA N\u00ba 90 DE CAP\u00d3N ALTO. DEPARTAMENTO DE RIVERA. La escuela N\u00ba 90 de Cap\u00f3n Alto est\u00e1 ubicada en la frontera de Uruguay y Brasil, la separa de este pa\u00eds una calle de tierra, de arcilla. Est\u00e1 en una zona rural, una zona de forestaci\u00f3n: de pinos y eucaliptos. Ubicada a alrededor de 45 km &#8230; <a title=\"Cr\u00f3nicas de una Maestra comprometida. Inicio&#8230;\" class=\"read-more\" href=\"https:\/\/www.educacionrural.org\/?p=3461\" aria-label=\"Leer m\u00e1s sobre Cr\u00f3nicas de una Maestra comprometida. Inicio&#8230;\">Leer m\u00e1s<\/a><\/p>\n","protected":false},"author":2,"featured_media":0,"comment_status":"closed","ping_status":"closed","sticky":false,"template":"","format":"standard","meta":{"footnotes":""},"categories":[1],"tags":[],"class_list":["post-3461","post","type-post","status-publish","format-standard","hentry","category-novedades"],"_links":{"self":[{"href":"https:\/\/www.educacionrural.org\/index.php?rest_route=\/wp\/v2\/posts\/3461","targetHints":{"allow":["GET"]}}],"collection":[{"href":"https:\/\/www.educacionrural.org\/index.php?rest_route=\/wp\/v2\/posts"}],"about":[{"href":"https:\/\/www.educacionrural.org\/index.php?rest_route=\/wp\/v2\/types\/post"}],"author":[{"embeddable":true,"href":"https:\/\/www.educacionrural.org\/index.php?rest_route=\/wp\/v2\/users\/2"}],"replies":[{"embeddable":true,"href":"https:\/\/www.educacionrural.org\/index.php?rest_route=%2Fwp%2Fv2%2Fcomments&post=3461"}],"version-history":[{"count":3,"href":"https:\/\/www.educacionrural.org\/index.php?rest_route=\/wp\/v2\/posts\/3461\/revisions"}],"predecessor-version":[{"id":3465,"href":"https:\/\/www.educacionrural.org\/index.php?rest_route=\/wp\/v2\/posts\/3461\/revisions\/3465"}],"wp:attachment":[{"href":"https:\/\/www.educacionrural.org\/index.php?rest_route=%2Fwp%2Fv2%2Fmedia&parent=3461"}],"wp:term":[{"taxonomy":"category","embeddable":true,"href":"https:\/\/www.educacionrural.org\/index.php?rest_route=%2Fwp%2Fv2%2Fcategories&post=3461"},{"taxonomy":"post_tag","embeddable":true,"href":"https:\/\/www.educacionrural.org\/index.php?rest_route=%2Fwp%2Fv2%2Ftags&post=3461"}],"curies":[{"name":"wp","href":"https:\/\/api.w.org\/{rel}","templated":true}]}}