{"id":3467,"date":"2015-07-23T19:23:44","date_gmt":"2015-07-23T21:23:44","guid":{"rendered":"http:\/\/www.educacionrural.org\/?p=3467"},"modified":"2015-07-23T19:23:44","modified_gmt":"2015-07-23T21:23:44","slug":"cronicas-de-una-maestra-comprometida","status":"publish","type":"post","link":"https:\/\/www.educacionrural.org\/?p=3467","title":{"rendered":"Cr\u00f3nicas de una Maestra comprometida"},"content":{"rendered":"<p><strong>La Escuela Rural N\u00ba 90, departamento de Rivera<\/strong><\/p>\n<p>Es amplia, bien iluminada, aireada, posee muchas aberturas: puertas y ventanas.<\/p>\n<p>Cuenta con dos salones, en uno de ellos est\u00e1 el comedor escolar, una pieza peque\u00f1a entre los dos salones funciona como direcci\u00f3n.<\/p>\n<p>Consta adem\u00e1s de otras dependencias tales como cocina, una pieza que se usa como despensa y la casa habitaci\u00f3n para el maestro compuesta por un dormitorio, comedor y ba\u00f1o.<\/p>\n<p>Hacia un lado de la escuela, al fondo, est\u00e1n los dos ba\u00f1os de los alumnos: uno de varones y otro de ni\u00f1as.<\/p>\n<p>Cuenta con \u00a0<a href=\"http:\/\/www.ute.com.uy\/php\/detalle_prensa.php?id=2983\">luz el\u00e9ctrica<\/a> desde el a\u00f1o 2010 y con agua corriente que proviene, por medio de una bomba, desde un pozo semisurgente.<\/p>\n<p>Tiene una quinta de frutales y una placita infantil.<\/p>\n<p>Posee un inicio de huerta escolar, ya que contaba con un hermoso invern\u00e1culo, pero con la tormenta del 20 de diciembre de 2014, se le vol\u00f3 el techo.<\/p>\n<p><img loading=\"lazy\" decoding=\"async\" class=\"  wp-image-3468  aligncenter\" src=\"http:\/\/www.educacionrural.org\/wp-content\/uploads\/capon-alto-invernaculo-1024x768.jpg\" alt=\"capon-alto-invernaculo\" width=\"690\" height=\"517\" srcset=\"https:\/\/www.educacionrural.org\/wp-content\/uploads\/capon-alto-invernaculo-1024x768.jpg 1024w, https:\/\/www.educacionrural.org\/wp-content\/uploads\/capon-alto-invernaculo-300x225.jpg 300w\" sizes=\"auto, (max-width: 690px) 100vw, 690px\" \/><\/p>\n<p>A esta escuela concurren 18 alumnos: uno en nivel 4, uno en nivel 5, uno en 2<sup>do<\/sup> a\u00f1o, seis en 3<sup>er<\/sup> a\u00f1o, dos en 4<sup>to<\/sup> a\u00f1o, cuatro en 5<sup>to<\/sup> a\u00f1o y tres en 6<sup>to<\/sup> a\u00f1o. No hay primer a\u00f1o.<\/p>\n<p>Trabajan dos maestras: Nuvia Mariza Castro que es la Directora efectiva y \u00e9ste es el tercer a\u00f1o que est\u00e1 en la escuela, atiende a 4<sup>to<\/sup>, 5<sup>to<\/sup> y 6<sup>to<\/sup> a\u00f1os y Mirian Olivera, suplente, que atiende a niveles 4 y 5, 2<sup>do<\/sup> y 3<sup>er<\/sup> a\u00f1os.<\/p>\n<p>Cuenta con una auxiliar de servicio, contratada por el C.E.I.P., la que cocina y limpia.<\/p>\n<p>La escuela cuenta con proyectos de huerta, de lectura, de Educaci\u00f3n F\u00edsica, de cuidado del Medio Ambiente.<\/p>\n<p>&nbsp;<\/p>\n<p><strong>El lugar<\/strong><\/p>\n<p>La Escuela Rural N\u00ba 90 est\u00e1 en Cap\u00f3n Alto, en la frontera con Brasil, la separa de este pa\u00eds una calle de tierra, de arcilla.<\/p>\n<p><img loading=\"lazy\" decoding=\"async\" class=\"  wp-image-3469 aligncenter\" src=\"http:\/\/www.educacionrural.org\/wp-content\/uploads\/capon-alto-marco-1024x768.jpg\" alt=\"capon-alto-marco\" width=\"720\" height=\"540\" srcset=\"https:\/\/www.educacionrural.org\/wp-content\/uploads\/capon-alto-marco-1024x768.jpg 1024w, https:\/\/www.educacionrural.org\/wp-content\/uploads\/capon-alto-marco-300x225.jpg 300w\" sizes=\"auto, (max-width: 720px) 100vw, 720px\" \/><\/p>\n<p>La palabra cap\u00f3n proviene de caponete que son saltos de agua, alrededor de ellos se forman mont\u00edculos. En varios lugares hay esos saltos de agua, ya que en la zona se encuentra agua com\u00fanmente. De caponete surge Cap\u00f3n y Alto porque son saltos altos de agua.<\/p>\n<p>Est\u00e1 en una zona de forestaci\u00f3n: de pinos y eucaliptos. Ubicada a alrededor de 45 kil\u00f3metros de la capital del departamento, ciudad de Rivera. La v\u00eda de acceso a ella es la ruta N\u00ba 27, 38 kil\u00f3metros y 7 kil\u00f3metros por un camino vecinal<\/p>\n<p>&nbsp;<\/p>\n<p><strong>Los ni\u00f1os y vecinos<\/strong><\/p>\n<p>Las personas de all\u00ed son muy buenas, humildes, alegres. Tienen la influencia del Brasil, se comunican algunos en portu\u00f1ol y la mayor\u00eda en portugu\u00e9s. Tambi\u00e9n demuestran esa influencia en la forma de vestir y en el saludo, ya que dan dos y hasta tres besos.<\/p>\n<p>Los padres son muy receptivos, atentos, alegres y simp\u00e1ticos. Integran Comisi\u00f3n Fomento y Consejo de Participaci\u00f3n. Se dedican a hacer changas o a trabajos en su casa. Algunos trabajan de peones en estancias.<\/p>\n<p>Cr\u00edan ganado, gallinas, cerdos.<\/p>\n<p>Muy pocos poseen chacra, plantan boniatos, zapallos y ma\u00edz. Algunos plantan man\u00ed.<\/p>\n<p>Viajan seguido a la ciudad, algunos no.<\/p>\n<p>La mayor\u00eda cuenta con un medio de transporte: auto, moto, carro y muchos tienen caballos.<\/p>\n<p>Los alumnos presentan algunas dificultades y son muy cari\u00f1osos, alegres y respetuosos.<br \/>\n<strong><img loading=\"lazy\" decoding=\"async\" class=\"  wp-image-3470 aligncenter\" src=\"http:\/\/www.educacionrural.org\/wp-content\/uploads\/capon-alto-ninosenmarco-1024x768.jpg\" alt=\"capon-alto-ninosenmarco\" width=\"724\" height=\"543\" srcset=\"https:\/\/www.educacionrural.org\/wp-content\/uploads\/capon-alto-ninosenmarco-1024x768.jpg 1024w, https:\/\/www.educacionrural.org\/wp-content\/uploads\/capon-alto-ninosenmarco-300x225.jpg 300w\" sizes=\"auto, (max-width: 724px) 100vw, 724px\" \/><\/strong><\/p>\n<p><strong>La principal caracter\u00edstica de los ni\u00f1os que van a la escuela es culminar el ciclo escolar y quedar en la zona. Muy pocos contin\u00faan los estudios.<\/strong><\/p>\n<p style=\"text-align: center;\">Mariza Castro<\/p>\n<p>&nbsp;<\/p>\n<p>&nbsp;<\/p>\n<p>&nbsp;<\/p>\n<p>&nbsp;<\/p>\n<p>&nbsp;<\/p>\n<p>&nbsp;<\/p>\n","protected":false},"excerpt":{"rendered":"<p>La Escuela Rural N\u00ba 90, departamento de Rivera Es amplia, bien iluminada, aireada, posee muchas aberturas: puertas y ventanas. Cuenta con dos salones, en uno de ellos est\u00e1 el comedor escolar, una pieza peque\u00f1a entre los dos salones funciona como direcci\u00f3n. Consta adem\u00e1s de otras dependencias tales como cocina, una pieza que se usa como &#8230; <a title=\"Cr\u00f3nicas de una Maestra comprometida\" class=\"read-more\" href=\"https:\/\/www.educacionrural.org\/?p=3467\" aria-label=\"Leer m\u00e1s sobre Cr\u00f3nicas de una Maestra comprometida\">Leer m\u00e1s<\/a><\/p>\n","protected":false},"author":2,"featured_media":0,"comment_status":"closed","ping_status":"closed","sticky":false,"template":"","format":"standard","meta":{"footnotes":""},"categories":[1],"tags":[],"class_list":["post-3467","post","type-post","status-publish","format-standard","hentry","category-novedades"],"_links":{"self":[{"href":"https:\/\/www.educacionrural.org\/index.php?rest_route=\/wp\/v2\/posts\/3467","targetHints":{"allow":["GET"]}}],"collection":[{"href":"https:\/\/www.educacionrural.org\/index.php?rest_route=\/wp\/v2\/posts"}],"about":[{"href":"https:\/\/www.educacionrural.org\/index.php?rest_route=\/wp\/v2\/types\/post"}],"author":[{"embeddable":true,"href":"https:\/\/www.educacionrural.org\/index.php?rest_route=\/wp\/v2\/users\/2"}],"replies":[{"embeddable":true,"href":"https:\/\/www.educacionrural.org\/index.php?rest_route=%2Fwp%2Fv2%2Fcomments&post=3467"}],"version-history":[{"count":3,"href":"https:\/\/www.educacionrural.org\/index.php?rest_route=\/wp\/v2\/posts\/3467\/revisions"}],"predecessor-version":[{"id":3473,"href":"https:\/\/www.educacionrural.org\/index.php?rest_route=\/wp\/v2\/posts\/3467\/revisions\/3473"}],"wp:attachment":[{"href":"https:\/\/www.educacionrural.org\/index.php?rest_route=%2Fwp%2Fv2%2Fmedia&parent=3467"}],"wp:term":[{"taxonomy":"category","embeddable":true,"href":"https:\/\/www.educacionrural.org\/index.php?rest_route=%2Fwp%2Fv2%2Fcategories&post=3467"},{"taxonomy":"post_tag","embeddable":true,"href":"https:\/\/www.educacionrural.org\/index.php?rest_route=%2Fwp%2Fv2%2Ftags&post=3467"}],"curies":[{"name":"wp","href":"https:\/\/api.w.org\/{rel}","templated":true}]}}