{"id":3475,"date":"2015-08-04T15:38:59","date_gmt":"2015-08-04T17:38:59","guid":{"rendered":"http:\/\/www.educacionrural.org\/?p=3475"},"modified":"2015-08-04T15:38:59","modified_gmt":"2015-08-04T17:38:59","slug":"cronicas-de-una-maestra-comprometida-los-liceales","status":"publish","type":"post","link":"https:\/\/www.educacionrural.org\/?p=3475","title":{"rendered":"Cr\u00f3nicas de una Maestra comprometida. Los liceales."},"content":{"rendered":"<p>Desde que llegu\u00e9 a la zona de Cap\u00f3n Alto, en marzo de 2013, me llam\u00f3 la atenci\u00f3n que los alumnos no continuaban sus estudios.<\/p>\n<p>Ellos se conforman y los padres tambi\u00e9n.<\/p>\n<p>Un var\u00f3n estaba en primer a\u00f1o en el Liceo rural y comunitario de Cerro Pelado, ahora est\u00e1 en 4\u00ba a\u00f1o, va el lunes y vuelve el viernes, durante la semana se queda en el hogar estudiantil de Cerro Pelado.<\/p>\n<p>Tambi\u00e9n iban una ni\u00f1a y dos varones a primer a\u00f1o, todos los d\u00edas, en el \u00f3mnibus que va desde Rivera a Cerro Pelado para transportar a alumnos y profesores. Esos alumnos hac\u00edan unos nueve kil\u00f3metros en moto hasta la ruta y de ah\u00ed en el \u00f3mnibus. Los varones abandonaron, s\u00f3lo la ni\u00f1a continu\u00f3. El a\u00f1o pasado su madre se fue a Rivera y ahora ella est\u00e1 en tercer a\u00f1o en un Liceo de la ciudad.<\/p>\n<p>En el a\u00f1o 2013 salieron cuatro alumnos de 6\u00ba: una ni\u00f1a, hermana de la que cursa tercer a\u00f1o, est\u00e1 en un Liceo en la ciudad de Rivera; otra tambi\u00e9n se fue a Rivera a vivir con su abuela e ingres\u00f3 al Liceo. Los otros dos, de los cuatro egresados en el 2013, quedaron en la zona, sin hacer nada, trabajando en su casa.<\/p>\n<p>Hice un censo para ver cu\u00e1ntos alumnos hab\u00edan completado primaria y se hab\u00edan quedado sin proseguir estudios.<\/p>\n<p>En el 2013 eran alrededor de nueve adolescentes. No hac\u00edan nada, estaban en su casa y a veces iban a la escuela, a jugar, a charlar\u2026. Se notaba en ellos la necesidad de una actividad, de hacer algo.<\/p>\n<p>A inicios del 2014 ya hab\u00eda dos exalumnos m\u00e1s en esa situaci\u00f3n y a comienzos de este a\u00f1o eran 14 adolescentes ya que la ni\u00f1a que empez\u00f3 estudios en Rivera, que viv\u00eda con la abuela, se vino a la zona y no comenz\u00f3 2\u00ba a\u00f1o. Adem\u00e1s, se sum\u00f3 un primo de ella que volvi\u00f3 desde la capital del departamento y no culmin\u00f3 primer a\u00f1o.<\/p>\n<p>La Maestra Directora habl\u00f3, en el a\u00f1o 2013, con profesores de U.T.U. para estudiar la posibilidad de que trajeran cursos, pero no fue posible ya que hay muchos requisitos, uno de ellos es conseguir 21 alumnos que estuvieran de acuerdo en proseguir el mismo curso. No se alcanzaba ese n\u00famero, dado que poseen gustos diferentes.<\/p>\n<p><img loading=\"lazy\" decoding=\"async\" class=\" wp-image-3476  aligncenter\" src=\"http:\/\/www.educacionrural.org\/wp-content\/uploads\/capon-alto-invernaculo-practicante-1024x765.jpg\" alt=\"capon-alto-invernaculo-practicante\" width=\"686\" height=\"512\" srcset=\"https:\/\/www.educacionrural.org\/wp-content\/uploads\/capon-alto-invernaculo-practicante-1024x765.jpg 1024w, https:\/\/www.educacionrural.org\/wp-content\/uploads\/capon-alto-invernaculo-practicante-300x224.jpg 300w\" sizes=\"auto, (max-width: 686px) 100vw, 686px\" \/><\/p>\n<p>Mariza Castro<\/p>\n","protected":false},"excerpt":{"rendered":"<p>Desde que llegu\u00e9 a la zona de Cap\u00f3n Alto, en marzo de 2013, me llam\u00f3 la atenci\u00f3n que los alumnos no continuaban sus estudios. Ellos se conforman y los padres tambi\u00e9n. Un var\u00f3n estaba en primer a\u00f1o en el Liceo rural y comunitario de Cerro Pelado, ahora est\u00e1 en 4\u00ba a\u00f1o, va el lunes y &#8230; <a title=\"Cr\u00f3nicas de una Maestra comprometida. Los liceales.\" class=\"read-more\" href=\"https:\/\/www.educacionrural.org\/?p=3475\" aria-label=\"Leer m\u00e1s sobre Cr\u00f3nicas de una Maestra comprometida. Los liceales.\">Leer m\u00e1s<\/a><\/p>\n","protected":false},"author":2,"featured_media":0,"comment_status":"closed","ping_status":"closed","sticky":false,"template":"","format":"standard","meta":{"footnotes":""},"categories":[1],"tags":[],"class_list":["post-3475","post","type-post","status-publish","format-standard","hentry","category-novedades"],"_links":{"self":[{"href":"https:\/\/www.educacionrural.org\/index.php?rest_route=\/wp\/v2\/posts\/3475","targetHints":{"allow":["GET"]}}],"collection":[{"href":"https:\/\/www.educacionrural.org\/index.php?rest_route=\/wp\/v2\/posts"}],"about":[{"href":"https:\/\/www.educacionrural.org\/index.php?rest_route=\/wp\/v2\/types\/post"}],"author":[{"embeddable":true,"href":"https:\/\/www.educacionrural.org\/index.php?rest_route=\/wp\/v2\/users\/2"}],"replies":[{"embeddable":true,"href":"https:\/\/www.educacionrural.org\/index.php?rest_route=%2Fwp%2Fv2%2Fcomments&post=3475"}],"version-history":[{"count":1,"href":"https:\/\/www.educacionrural.org\/index.php?rest_route=\/wp\/v2\/posts\/3475\/revisions"}],"predecessor-version":[{"id":3477,"href":"https:\/\/www.educacionrural.org\/index.php?rest_route=\/wp\/v2\/posts\/3475\/revisions\/3477"}],"wp:attachment":[{"href":"https:\/\/www.educacionrural.org\/index.php?rest_route=%2Fwp%2Fv2%2Fmedia&parent=3475"}],"wp:term":[{"taxonomy":"category","embeddable":true,"href":"https:\/\/www.educacionrural.org\/index.php?rest_route=%2Fwp%2Fv2%2Fcategories&post=3475"},{"taxonomy":"post_tag","embeddable":true,"href":"https:\/\/www.educacionrural.org\/index.php?rest_route=%2Fwp%2Fv2%2Ftags&post=3475"}],"curies":[{"name":"wp","href":"https:\/\/api.w.org\/{rel}","templated":true}]}}