{"id":3749,"date":"2016-08-01T16:30:30","date_gmt":"2016-08-01T18:30:30","guid":{"rendered":"http:\/\/www.educacionrural.org\/?p=3749"},"modified":"2016-09-05T15:46:40","modified_gmt":"2016-09-05T17:46:40","slug":"100-anos-de-historia-de-los-altos-del-perdido-ano-3-n2","status":"publish","type":"post","link":"https:\/\/www.educacionrural.org\/?p=3749","title":{"rendered":"100 a\u00f1os de historia de los Altos del Perdido, a\u00f1o 3 &#8211; N\u00b02"},"content":{"rendered":"<p>100 a\u00f1os de historia de los Altos del Perdido \u00a1y no tan perdidos!<\/p>\n<p>Publicaci\u00f3n de la Escuela N\u00b0 85 de Altos del Perdido, Soriano.<\/p>\n<h3><strong>Primer Museo Escolar Rural.<\/strong><\/h3>\n<p>SUMARIO:<\/p>\n<p><span style=\"text-decoration: underline;\">P\u00e1gina 1<\/span><\/p>\n<p>&#8211; Logo.<\/p>\n<p>&#8211; Elemento del mes: Abanico de la Srta. Steiner.<\/p>\n<p>&#8211; Visitantes en el mes.<\/p>\n<p><span style=\"text-decoration: underline;\">P\u00e1gina 2<\/span><\/p>\n<p>&#8211; Noticias de estos \u00faltimos meses.<\/p>\n<p>&#8211; De d\u00f3nde proviene el nombre Junio, Julio y Agosto.<\/p>\n<p>&#8211; Elemento ingresado a la exposici\u00f3n del museo: Cuaderno Cultura.<\/p>\n<p><span style=\"text-decoration: underline;\">P\u00e1gina 3<\/span><\/p>\n<p>&#8211; Qu\u00e9 se planta en Agosto.<\/p>\n<p>&#8211; Consejos del mes: Sustancias para quitar las manchas y manera de manejarlas<\/p>\n<p>&#8211; Material del Museo que pertenece a\u2026<\/p>\n<p>&#8211; Fotos de antes.<\/p>\n<p><span style=\"text-decoration: underline;\">P\u00e1gina 4<\/span><\/p>\n<p>-Historia de nuestra escuela.<\/p>\n<p>&#8211; Nuestro patrimonio: The River Plate Company Limited<span style=\"text-decoration: underline;\"><br \/>\n<\/span><\/p>\n<p><span style=\"text-decoration: underline;\">P\u00e1gina 5<\/span><\/p>\n<p>&#8211; Secci\u00f3n: Cuentos<\/p>\n<p><span style=\"text-decoration: underline;\">P\u00e1gina 6<\/span><\/p>\n<p>&#8211; Noticias del mes. D\u00eda de las madres y de los padres.<\/p>\n<p>&#8211; Secci\u00f3n: Chiste<\/p>\n<p><a href=\"http:\/\/www.educacionrural.org\/wp-content\/uploads\/boletin-no-2-2016-3.pdf\">BOLET\u00cdN A\u00f1o 3 &#8211; N\u00ba 2 <\/a><\/p>\n","protected":false},"excerpt":{"rendered":"<p>100 a\u00f1os de historia de los Altos del Perdido \u00a1y no tan perdidos! Publicaci\u00f3n de la Escuela N\u00b0 85 de Altos del Perdido, Soriano. Primer Museo Escolar Rural. SUMARIO: P\u00e1gina 1 &#8211; Logo. &#8211; Elemento del mes: Abanico de la Srta. Steiner. &#8211; Visitantes en el mes. P\u00e1gina 2 &#8211; Noticias de estos \u00faltimos meses. &#8230; <a title=\"100 a\u00f1os de historia de los Altos del Perdido, a\u00f1o 3 &#8211; N\u00b02\" class=\"read-more\" href=\"https:\/\/www.educacionrural.org\/?p=3749\" aria-label=\"Leer m\u00e1s sobre 100 a\u00f1os de historia de los Altos del Perdido, a\u00f1o 3 &#8211; N\u00b02\">Leer m\u00e1s<\/a><\/p>\n","protected":false},"author":2,"featured_media":0,"comment_status":"closed","ping_status":"closed","sticky":false,"template":"","format":"standard","meta":{"footnotes":""},"categories":[1],"tags":[],"class_list":["post-3749","post","type-post","status-publish","format-standard","hentry","category-novedades"],"_links":{"self":[{"href":"https:\/\/www.educacionrural.org\/index.php?rest_route=\/wp\/v2\/posts\/3749","targetHints":{"allow":["GET"]}}],"collection":[{"href":"https:\/\/www.educacionrural.org\/index.php?rest_route=\/wp\/v2\/posts"}],"about":[{"href":"https:\/\/www.educacionrural.org\/index.php?rest_route=\/wp\/v2\/types\/post"}],"author":[{"embeddable":true,"href":"https:\/\/www.educacionrural.org\/index.php?rest_route=\/wp\/v2\/users\/2"}],"replies":[{"embeddable":true,"href":"https:\/\/www.educacionrural.org\/index.php?rest_route=%2Fwp%2Fv2%2Fcomments&post=3749"}],"version-history":[{"count":5,"href":"https:\/\/www.educacionrural.org\/index.php?rest_route=\/wp\/v2\/posts\/3749\/revisions"}],"predecessor-version":[{"id":3776,"href":"https:\/\/www.educacionrural.org\/index.php?rest_route=\/wp\/v2\/posts\/3749\/revisions\/3776"}],"wp:attachment":[{"href":"https:\/\/www.educacionrural.org\/index.php?rest_route=%2Fwp%2Fv2%2Fmedia&parent=3749"}],"wp:term":[{"taxonomy":"category","embeddable":true,"href":"https:\/\/www.educacionrural.org\/index.php?rest_route=%2Fwp%2Fv2%2Fcategories&post=3749"},{"taxonomy":"post_tag","embeddable":true,"href":"https:\/\/www.educacionrural.org\/index.php?rest_route=%2Fwp%2Fv2%2Ftags&post=3749"}],"curies":[{"name":"wp","href":"https:\/\/api.w.org\/{rel}","templated":true}]}}