{"id":3756,"date":"2016-08-12T18:39:08","date_gmt":"2016-08-12T20:39:08","guid":{"rendered":"http:\/\/www.educacionrural.org\/?p=3756"},"modified":"2016-08-12T18:39:08","modified_gmt":"2016-08-12T20:39:08","slug":"misiones-socio-pedagogicas-2016","status":"publish","type":"post","link":"https:\/\/www.educacionrural.org\/?p=3756","title":{"rendered":"Misiones Socio-Pedag\u00f3gicas 2016"},"content":{"rendered":"<h6 style=\"text-align: center;\"><strong><em>\u00abSalvando cerros y valles<\/em><\/strong><\/h6>\n<h6 style=\"text-align: center;\"><strong><em>sin temer la adversidad;<\/em><\/strong><\/h6>\n<h6 style=\"text-align: center;\"><strong><em>nuestro norte es la cultura<\/em><\/strong><\/h6>\n<h6 style=\"text-align: center;\"><strong><em>nuestro fin la humanidad.\u00bb<\/em><\/strong><\/h6>\n<h6 style=\"text-align: center;\"><em>Fragmento del Himno Misionero<\/em><\/h6>\n<p style=\"text-align: center;\"><strong><em>MISIONES SOCIO-P<\/em><\/strong><strong><em>EDAG\u00d3GICAS 2016<\/em><\/strong><\/p>\n<p style=\"text-align: center;\"><strong><em>El Grupo de Misiones Socio-Pedag\u00f3gicas del II.NN de Montevideo <\/em><\/strong><\/p>\n<p style=\"text-align: center;\"><strong><em>\u201cMar\u00eda Stagnero de Munar y Joaqu\u00edn R. S\u00e1nchez\u201d ya perfila su labor <\/em><\/strong><\/p>\n<p style=\"text-align: center;\"><strong><em>para el mes de noviembre, siendo la fecha a llevarse a cabo del lunes 7 <\/em><\/strong><\/p>\n<p style=\"text-align: center;\"><strong><em>al domingo 13 de dicho mes.<\/em><\/strong><\/p>\n<p style=\"text-align: center;\"><strong><em>El destino elegido este a\u00f1o fue la Escuela 41 de la localidad de <\/em><\/strong><\/p>\n<p style=\"text-align: center;\"><strong><em>Campod\u00f3nico, departamento de Artigas.<br \/>\n<\/em><\/strong><\/p>\n<p style=\"text-align: center;\"><strong><em>Estamos muy contentos y entusiasmados por este nuevo desaf\u00edo que <\/em><\/strong><\/p>\n<p style=\"text-align: center;\"><strong><em>nos depara.<\/em><\/strong><\/p>\n<p style=\"text-align: center;\"><strong><em>El 28 de mayo dimos el puntapi\u00e9 inicial que culminaremos con una<\/em><\/strong><\/p>\n<p style=\"text-align: center;\"><strong><em> semana de trabajo en la mencionada escuela del medio rural.<br \/>\n<\/em><\/strong><\/p>\n<p style=\"text-align: center;\"><strong><em>Como organizaci\u00f3n estudiantil sin fines de lucro, misionaremos otra <\/em><\/strong><\/p>\n<p style=\"text-align: center;\"><strong><em>escuela m\u00e1s con el fin de generar un v\u00ednculo acotado y estrecho entre <\/em><\/strong><\/p>\n<p style=\"text-align: center;\"><strong><em>Montevideo y el interior olvidado del Uruguay.<br \/>\n<\/em><\/strong><\/p>\n<p style=\"text-align: center;\"><strong><em>Otro fin al cual aspiramos es enriquecer nuestra formaci\u00f3n <\/em><\/strong><\/p>\n<p style=\"text-align: center;\"><strong><em>profesional\u00a0 adem\u00e1s de proporcionar materiales que dicha escuela <\/em><\/strong><\/p>\n<p style=\"text-align: center;\"><strong><em>necesite para favorecer el proceso educativo.<br \/>\n<\/em><\/strong><\/p>\n<p style=\"text-align: center;\"><strong><em>Agradecidos estamos con la Maestra y Directora Rosario R\u00edos por <\/em><\/strong><\/p>\n<p style=\"text-align: center;\"><strong><em>aceptar y ser parte de nuestro proyecto llevando nuestra\u00a0 iniciativa\u00a0 <\/em><\/strong><\/p>\n<p style=\"text-align: center;\"><strong><em>a su centro educativo.<br \/>\n<\/em><\/strong><\/p>\n<p style=\"text-align: center;\"><strong><em>Agradecemos tambi\u00e9n a este medio por difundir y apoyar la labor de <\/em><\/strong><\/p>\n<p style=\"text-align: center;\"><strong><em>las Misiones Socio-Pedag\u00f3gicas.<br \/>\n<\/em><\/strong><\/p>\n<p style=\"text-align: center;\"><strong><em>Escuela 41 de Campod\u00f3nico, en noviembre, all\u00ed estaremos.<\/em><\/strong><\/p>\n<p style=\"text-align: center;\"><strong><em>\u00a0<\/em><\/strong><\/p>\n<p style=\"text-align: center;\"><strong><em>Grupo Misionero Socio-Pedag\u00f3gico 2016.<\/em><\/strong><\/p>\n<p style=\"text-align: center;\">\n<p style=\"text-align: center;\"><img loading=\"lazy\" decoding=\"async\" class=\"alignright size-large wp-image-3757\" src=\"http:\/\/www.educacionrural.org\/wp-content\/uploads\/img-20160806-wa0007-1024x576.jpg\" alt=\"IMG-20160806-WA0007\" width=\"1024\" height=\"576\" srcset=\"https:\/\/www.educacionrural.org\/wp-content\/uploads\/img-20160806-wa0007-1024x576.jpg 1024w, https:\/\/www.educacionrural.org\/wp-content\/uploads\/img-20160806-wa0007-300x169.jpg 300w, https:\/\/www.educacionrural.org\/wp-content\/uploads\/img-20160806-wa0007-768x432.jpg 768w, https:\/\/www.educacionrural.org\/wp-content\/uploads\/img-20160806-wa0007.jpg 1032w\" sizes=\"auto, (max-width: 1024px) 100vw, 1024px\" \/><\/p>\n<p style=\"text-align: center;\">Grupo Misionero 2016<img loading=\"lazy\" decoding=\"async\" class=\"alignright size-large wp-image-3758\" src=\"http:\/\/www.educacionrural.org\/wp-content\/uploads\/escuela-campodonico.jpg\" alt=\"escuela campodonico\" width=\"960\" height=\"542\" srcset=\"https:\/\/www.educacionrural.org\/wp-content\/uploads\/escuela-campodonico.jpg 960w, https:\/\/www.educacionrural.org\/wp-content\/uploads\/escuela-campodonico-300x169.jpg 300w, https:\/\/www.educacionrural.org\/wp-content\/uploads\/escuela-campodonico-768x434.jpg 768w\" sizes=\"auto, (max-width: 960px) 100vw, 960px\" \/><\/p>\n<p style=\"text-align: center;\">Escuela N\u00b041 de la localidad de Campod\u00f3nico, Artigas.<\/p>\n","protected":false},"excerpt":{"rendered":"<p>\u00abSalvando cerros y valles sin temer la adversidad; nuestro norte es la cultura nuestro fin la humanidad.\u00bb Fragmento del Himno Misionero MISIONES SOCIO-PEDAG\u00d3GICAS 2016 El Grupo de Misiones Socio-Pedag\u00f3gicas del II.NN de Montevideo \u201cMar\u00eda Stagnero de Munar y Joaqu\u00edn R. S\u00e1nchez\u201d ya perfila su labor para el mes de noviembre, siendo la fecha a llevarse &#8230; <a title=\"Misiones Socio-Pedag\u00f3gicas 2016\" class=\"read-more\" href=\"https:\/\/www.educacionrural.org\/?p=3756\" aria-label=\"Leer m\u00e1s sobre Misiones Socio-Pedag\u00f3gicas 2016\">Leer m\u00e1s<\/a><\/p>\n","protected":false},"author":2,"featured_media":0,"comment_status":"closed","ping_status":"closed","sticky":false,"template":"","format":"standard","meta":{"footnotes":""},"categories":[1],"tags":[],"class_list":["post-3756","post","type-post","status-publish","format-standard","hentry","category-novedades"],"_links":{"self":[{"href":"https:\/\/www.educacionrural.org\/index.php?rest_route=\/wp\/v2\/posts\/3756","targetHints":{"allow":["GET"]}}],"collection":[{"href":"https:\/\/www.educacionrural.org\/index.php?rest_route=\/wp\/v2\/posts"}],"about":[{"href":"https:\/\/www.educacionrural.org\/index.php?rest_route=\/wp\/v2\/types\/post"}],"author":[{"embeddable":true,"href":"https:\/\/www.educacionrural.org\/index.php?rest_route=\/wp\/v2\/users\/2"}],"replies":[{"embeddable":true,"href":"https:\/\/www.educacionrural.org\/index.php?rest_route=%2Fwp%2Fv2%2Fcomments&post=3756"}],"version-history":[{"count":1,"href":"https:\/\/www.educacionrural.org\/index.php?rest_route=\/wp\/v2\/posts\/3756\/revisions"}],"predecessor-version":[{"id":3759,"href":"https:\/\/www.educacionrural.org\/index.php?rest_route=\/wp\/v2\/posts\/3756\/revisions\/3759"}],"wp:attachment":[{"href":"https:\/\/www.educacionrural.org\/index.php?rest_route=%2Fwp%2Fv2%2Fmedia&parent=3756"}],"wp:term":[{"taxonomy":"category","embeddable":true,"href":"https:\/\/www.educacionrural.org\/index.php?rest_route=%2Fwp%2Fv2%2Fcategories&post=3756"},{"taxonomy":"post_tag","embeddable":true,"href":"https:\/\/www.educacionrural.org\/index.php?rest_route=%2Fwp%2Fv2%2Ftags&post=3756"}],"curies":[{"name":"wp","href":"https:\/\/api.w.org\/{rel}","templated":true}]}}